{"id":2266,"date":"2017-04-10T13:42:11","date_gmt":"2017-04-10T18:42:11","guid":{"rendered":"http:\/\/panperu.org\/web\/?p=2266"},"modified":"2017-05-12T10:30:03","modified_gmt":"2017-05-12T15:30:03","slug":"gran-cena-pro-fondos-por-el-dia-de-la-madre","status":"publish","type":"post","link":"https:\/\/panperu.org\/web\/gran-cena-pro-fondos-por-el-dia-de-la-madre\/","title":{"rendered":"GRAN CENA PRO-FONDOS POR EL D\u00cdA DE LA MADRE &#8211; ONG PAN PER\u00da"},"content":{"rendered":"<p>\u00a1No te pierdas la GRAN CENA PRO-FONDOS POR EL D\u00cdA DE LA MADRE organizada por PAN PER\u00da!<\/p>\n<p>Disfrutar\u00e1s de un grato momento con tus seres queridos en un gran banquete con orquesta musical y hora loca en el Gran Chifa del C\u00edrculo Militar.<\/p>\n<p>No te quedes sin tu entrada para este magno evento.<br \/>\nReserva tu entra en <a href=\"mailto:panperu@panperu.org\">panperu@panperu.org<br \/>\n<\/a>o ll\u00e1manos al Telf. 348-0134 \/ Cel. 9568-92435<\/p>\n<p>\u00a1Te esperamos!<\/p>\n<div id=\"attachment_1948\" style=\"width: 925px\" class=\"wp-caption aligncenter\"><a href=\"https:\/\/panperu.org\/web\/wp-content\/uploads\/2017\/04\/Cena-del-dia-de-la-Madre-Final.jpg\"><img aria-describedby=\"caption-attachment-1948\" decoding=\"async\" loading=\"lazy\" class=\"size-full wp-image-1948\" src=\"https:\/\/panperu.org\/web\/wp-content\/uploads\/2017\/04\/Cena-del-dia-de-la-Madre-Final.jpg\" alt=\"\" width=\"915\" height=\"620\" srcset=\"https:\/\/panperu.org\/web\/wp-content\/uploads\/2017\/04\/Cena-del-dia-de-la-Madre-Final.jpg 915w, https:\/\/panperu.org\/web\/wp-content\/uploads\/2017\/04\/Cena-del-dia-de-la-Madre-Final-600x407.jpg 600w\" sizes=\"(max-width: 915px) 100vw, 915px\" \/><\/a><p id=\"caption-attachment-1948\" class=\"wp-caption-text\">05 de Mayo 2017 &#8211; Gran Cena pro-fondos por el d\u00eda de la Madre<\/p><\/div>\n","protected":false},"excerpt":{"rendered":"<p>\u00a1No te pierdas la GRAN CENA PRO-FONDOS POR EL D\u00cdA DE LA MADRE organizada por PAN PER\u00da! Disfrutar\u00e1s de un grato momento con tus seres queridos en un gran banquete con orquesta musical y hora loca en el Gran Chifa del C\u00edrculo Militar. No te quedes sin tu entrada para este magno evento. Reserva tu <a href=\"https:\/\/panperu.org\/web\/gran-cena-pro-fondos-por-el-dia-de-la-madre\/\" rel=\"nofollow\"><span class=\"sr-only\">Leer m\u00e1sGRAN CENA PRO-FONDOS POR EL D\u00cdA DE LA MADRE &#8211; ONG PAN PER\u00da<\/span>[&hellip;]<\/a><\/p>\n","protected":false},"author":2,"featured_media":1948,"comment_status":"closed","ping_status":"open","sticky":false,"template":"","format":"gallery","meta":[],"categories":[92],"tags":[114,116,126,115,113,28],"_links":{"self":[{"href":"https:\/\/panperu.org\/web\/wp-json\/wp\/v2\/posts\/2266"}],"collection":[{"href":"https:\/\/panperu.org\/web\/wp-json\/wp\/v2\/posts"}],"about":[{"href":"https:\/\/panperu.org\/web\/wp-json\/wp\/v2\/types\/post"}],"author":[{"embeddable":true,"href":"https:\/\/panperu.org\/web\/wp-json\/wp\/v2\/users\/2"}],"replies":[{"embeddable":true,"href":"https:\/\/panperu.org\/web\/wp-json\/wp\/v2\/comments?post=2266"}],"version-history":[{"count":0,"href":"https:\/\/panperu.org\/web\/wp-json\/wp\/v2\/posts\/2266\/revisions"}],"wp:featuredmedia":[{"embeddable":true,"href":"https:\/\/panperu.org\/web\/wp-json\/wp\/v2\/media\/1948"}],"wp:attachment":[{"href":"https:\/\/panperu.org\/web\/wp-json\/wp\/v2\/media?parent=2266"}],"wp:term":[{"taxonomy":"category","embeddable":true,"href":"https:\/\/panperu.org\/web\/wp-json\/wp\/v2\/categories?post=2266"},{"taxonomy":"post_tag","embeddable":true,"href":"https:\/\/panperu.org\/web\/wp-json\/wp\/v2\/tags?post=2266"}],"curies":[{"name":"wp","href":"https:\/\/api.w.org\/{rel}","templated":true}]}}